{"id":2508,"date":"2025-02-28T10:30:17","date_gmt":"2025-02-28T09:30:17","guid":{"rendered":"https:\/\/www.scuoleattivedicomunita.it\/?p=2508"},"modified":"2025-02-28T10:30:18","modified_gmt":"2025-02-28T09:30:18","slug":"scuole-attive-di-comunita-incontra-marianna-mellone-coordinatrice-del-progetto-e-referente-per-arci-brindisi","status":"publish","type":"post","link":"https:\/\/www.scuoleattivedicomunita.it\/?p=2508","title":{"rendered":"Scuole Attive di Comunit\u00e0 incontra Marianna Mellone, coordinatrice del progetto e referente per Arci Brindisi"},"content":{"rendered":"\n<p class=\"wp-block-paragraph\">Il progetto Scuole Attive di Comunit\u00e0 rappresenta un&#8217;importante iniziativa per rafforzare il legame tra scuola e territorio, promuovendo la partecipazione e l&#8217;inclusione sociale. Abbiamo intervistato Marianna Mellone, referente del progetto per ARCI, per approfondire l\u2019impatto del progetto e le attivit\u00e0 pi\u00f9 significative.<\/p>\n\n\n\n<p class=\"wp-block-paragraph\"><strong>Secondo te, in che modo il progetto Scuole Attive contribuisce a rafforzare il legame tra scuola e comunit\u00e0, in linea con l&#8217;impegno di Arci per la partecipazione e l&#8217;inclusione sociale?<\/strong><\/p>\n\n\n\n<p class=\"wp-block-paragraph\">Scuole attive ha tra gli obiettivi quello di potenziare il coinvolgimento di genitori, educatori, docenti e i minori a rischio devianza. Sicuramente il progetto riesce ad essere, attraverso le sue azioni di formazione e organizzazione di attivit\u00e0 di strada, un contenitore di idee, proposte ed entusiasmo.<\/p>\n\n\n\n<p class=\"wp-block-paragraph\"><strong>Le attivit\u00e0 concrete sul territorio sono fondamentali per dare forma a questo legame tra scuola e comunit\u00e0. Vediamo pi\u00f9 da vicino alcune di queste esperienze. Quali sono secondo te le attivit\u00e0 pi\u00f9 significative che si stanno portando avanti sul territorio?<\/strong><\/p>\n\n\n\n<p class=\"wp-block-paragraph\">Nei Comuni dell&#8217;Ambito, si stanno realizzando attivit\u00e0 di educativa di strada che prevedono la realizzazione di giochi di strada e in alcune scuole partner sono attivi sportelli di ascolto. In entrambi i casi, i minori sono al centro delle attivit\u00e0, con gli obiettivi di mappare i tipi di bisogni e intervenire in sinergia con altri attori del territorio nella risoluzione di alcune criticit\u00e0. Importante esperienza per ogni partecipante sono anche gli Edu Camp che consentono di poter stringere relazioni con i pari, potenziare le competenze in materie STEM e mettersi in gioco usando la creativit\u00e0.<\/p>\n\n\n\n<p class=\"wp-block-paragraph\"><strong>Ma qual \u00e8 stato fino ad ora l&#8217;impatto pi\u00f9 significativo del progetto? Puoi raccontarci quello che secondo te \u00e8 stato un momento significativo (o un impatto concreto) che il progetto ha avuto fino ad ora?<\/strong><\/p>\n\n\n\n<p class=\"wp-block-paragraph\">Durante la realizzazione delle attivit\u00e0 di strada, negli scorsi mesi, \u00e8 stato molto interessante scoprire che gli educatori sono diventati un punto di riferimento per i minori che frequentano alcune zone dei comuni di residenza e nello stesso momento essere una presenza rassicurante per genitori ed istituzioni che non si misurano nel quotidiano con animatori di comunit\u00e0 in grado di aggregare i giovani, ascoltarli e allo stesso tempo coinvolgerli in attivit\u00e0 sane e coinvolgenti come lo sport.<\/p>\n\n\n\n<p class=\"wp-block-paragraph\"><strong>Per concludere, chiediamo a Marianna di descrivere il progetto in tre parole chiave per descrivere Scuole Attive di Comunit\u00e0.<\/strong><\/p>\n\n\n\n<p class=\"wp-block-paragraph\">Innovativo, aggregazione, ascolto.<\/p>\n\n\n\n<p class=\"wp-block-paragraph\">Grazie a Scuole Attive di Comunit\u00e0, il legame tra scuola e territorio si rafforza, creando spazi sicuri e inclusivi per la crescita e lo sviluppo dei giovani.<\/p>\n","protected":false},"excerpt":{"rendered":"<p>Il progetto Scuole Attive di Comunit\u00e0 rappresenta un&#8217;importante iniziativa per rafforzare il legame tra scuola e territorio, promuovendo la partecipazione e l&#8217;inclusione sociale. Abbiamo intervistato Marianna Mellone, referente del progetto per ARCI, per approfondire l\u2019impatto del progetto e le attivit\u00e0 pi\u00f9 significative. Secondo te, in che modo il progetto Scuole Attive contribuisce a rafforzare il [&hellip;]<\/p>\n","protected":false},"author":1,"featured_media":2341,"comment_status":"open","ping_status":"open","sticky":false,"template":"","format":"standard","meta":{"_monsterinsights_skip_tracking":false,"footnotes":""},"categories":[25],"tags":[],"class_list":["post-2508","post","type-post","status-publish","format-standard","has-post-thumbnail","hentry","category-sportello"],"aioseo_notices":[],"_links":{"self":[{"href":"https:\/\/www.scuoleattivedicomunita.it\/index.php?rest_route=\/wp\/v2\/posts\/2508","targetHints":{"allow":["GET"]}}],"collection":[{"href":"https:\/\/www.scuoleattivedicomunita.it\/index.php?rest_route=\/wp\/v2\/posts"}],"about":[{"href":"https:\/\/www.scuoleattivedicomunita.it\/index.php?rest_route=\/wp\/v2\/types\/post"}],"author":[{"embeddable":true,"href":"https:\/\/www.scuoleattivedicomunita.it\/index.php?rest_route=\/wp\/v2\/users\/1"}],"replies":[{"embeddable":true,"href":"https:\/\/www.scuoleattivedicomunita.it\/index.php?rest_route=%2Fwp%2Fv2%2Fcomments&post=2508"}],"version-history":[{"count":2,"href":"https:\/\/www.scuoleattivedicomunita.it\/index.php?rest_route=\/wp\/v2\/posts\/2508\/revisions"}],"predecessor-version":[{"id":2510,"href":"https:\/\/www.scuoleattivedicomunita.it\/index.php?rest_route=\/wp\/v2\/posts\/2508\/revisions\/2510"}],"wp:featuredmedia":[{"embeddable":true,"href":"https:\/\/www.scuoleattivedicomunita.it\/index.php?rest_route=\/wp\/v2\/media\/2341"}],"wp:attachment":[{"href":"https:\/\/www.scuoleattivedicomunita.it\/index.php?rest_route=%2Fwp%2Fv2%2Fmedia&parent=2508"}],"wp:term":[{"taxonomy":"category","embeddable":true,"href":"https:\/\/www.scuoleattivedicomunita.it\/index.php?rest_route=%2Fwp%2Fv2%2Fcategories&post=2508"},{"taxonomy":"post_tag","embeddable":true,"href":"https:\/\/www.scuoleattivedicomunita.it\/index.php?rest_route=%2Fwp%2Fv2%2Ftags&post=2508"}],"curies":[{"name":"wp","href":"https:\/\/api.w.org\/{rel}","templated":true}]}}